{"id":1322,"__str__":"Projeto de Lei Complementar do Legislativo n\u00ba 1 de 2023","link_detail_backend":"/materia/1322","metadata":{},"numero":1,"ano":2023,"numero_protocolo":null,"data_apresentacao":"2023-01-10","tipo_apresentacao":"E","data_publicacao":null,"numero_origem_externa":"","ano_origem_externa":null,"data_origem_externa":null,"apelido":"","dias_prazo":null,"data_fim_prazo":null,"em_tramitacao":false,"polemica":false,"objeto":"","complementar":false,"ementa":"Altera a Lei Complementar n\u00ba 011/2014, que disp\u00f5e sobre a Reestrutura\u00e7\u00e3o e a Reforma Administrativa da C\u00e2mara Municipal de Fortim.","indexacao":"","observacao":"","resultado":"","texto_original":"http://sapl.fortim.ce.leg.br/media/sapl/public/materialegislativa/2023/1322/projeto_de_lei_complementar_n001.2023-_legislativo.pdf","data_ultima_atualizacao":"2023-04-03T10:57:31.783214-03:00","ip":"189.127.47.104","ultima_edicao":"2023-02-14T13:22:43.271955-03:00","tipo":23,"regime_tramitacao":4,"tipo_origem_externa":null,"local_origem_externa":null,"user":1,"anexadas":[],"autores":[3,26,6,28,7,9,27,25,24,10,14]}