{"id":1234,"__str__":"Mo\u00e7\u00e3o de Pesar n\u00ba 2 de 2022","link_detail_backend":"/materia/1234","metadata":{},"numero":2,"ano":2022,"numero_protocolo":null,"data_apresentacao":"2022-08-12","tipo_apresentacao":"E","data_publicacao":null,"numero_origem_externa":"","ano_origem_externa":null,"data_origem_externa":null,"apelido":"","dias_prazo":null,"data_fim_prazo":null,"em_tramitacao":false,"polemica":false,"objeto":"","complementar":false,"ementa":"Mo\u00e7\u00e3o de Pesar pelo falecimento da Sra. Maria C\u00e9lia Silveira da Costa, ocorrido no dia 11 de agosto de 2022.","indexacao":"","observacao":"","resultado":"","texto_original":"http://sapl.fortim.ce.leg.br/media/sapl/public/materialegislativa/2022/1234/mocao_de_pesar_n002.2022.pdf","data_ultima_atualizacao":"2022-08-23T15:41:35.272253-03:00","ip":"189.127.47.104","ultima_edicao":"2022-08-23T11:04:05.133199-03:00","tipo":25,"regime_tramitacao":1,"tipo_origem_externa":null,"local_origem_externa":null,"user":1,"anexadas":[],"autores":[25]}