{"id":1222,"__str__":"Mo\u00e7\u00e3o de Aplauso e Congratula\u00e7\u00e3o n\u00ba 2 de 2019","link_detail_backend":"/materia/1222","metadata":{},"numero":2,"ano":2019,"numero_protocolo":null,"data_apresentacao":"2019-05-17","tipo_apresentacao":"E","data_publicacao":null,"numero_origem_externa":"","ano_origem_externa":null,"data_origem_externa":null,"apelido":"","dias_prazo":null,"data_fim_prazo":null,"em_tramitacao":false,"polemica":false,"objeto":"","complementar":false,"ementa":"Mo\u00e7\u00e3o de Congratula\u00e7\u00e3o aos Ilmos. Major da PM M\u00e1rcio Cunha Lima, Sargento Elioenae Ferreira da Silva e o Sargento Francisco Nilton da Silva, bem como toda corpora\u00e7\u00e3o da Pol\u00edcia Militar do Cear\u00e1, pelo brilhante trabalho realizado no Munic\u00edpio de Fortim, com o Programa PROERD capacitando nossos jovens com informa\u00e7\u00f5es e habilidades necess\u00e1rias para viver de maneira saud\u00e1vel sem drogas e viol\u00eancia.","indexacao":"","observacao":"","resultado":"","texto_original":"http://sapl.fortim.ce.leg.br/media/sapl/public/materialegislativa/2019/1222/002.2019.pdf","data_ultima_atualizacao":"2022-07-25T13:34:13.198988-03:00","ip":"186.249.178.39","ultima_edicao":"2022-07-25T13:33:24.478490-03:00","tipo":24,"regime_tramitacao":1,"tipo_origem_externa":null,"local_origem_externa":null,"user":1,"anexadas":[],"autores":[3]}