{"id":1202,"__str__":"Requerimento n\u00ba 67 de 2022","link_detail_backend":"/materia/1202","metadata":{},"numero":67,"ano":2022,"numero_protocolo":null,"data_apresentacao":"2022-06-20","tipo_apresentacao":"E","data_publicacao":null,"numero_origem_externa":"","ano_origem_externa":null,"data_origem_externa":null,"apelido":"","dias_prazo":null,"data_fim_prazo":null,"em_tramitacao":false,"polemica":false,"objeto":"","complementar":false,"ementa":"Requer ao Prefeito Municipal de Fortim, Naselmo de Sousa Ferreira, a reforma e revitaliza\u00e7\u00e3o da Pra\u00e7a Maria Jos\u00e9 da Costa Moura, localizada ao lado do Hospital Municipal Waldemar Alc\u00e2ntara, na Cidade de Fortim.","indexacao":"","observacao":"","resultado":"","texto_original":"http://sapl.fortim.ce.leg.br/media/sapl/public/materialegislativa/2022/1202/requerimento_067.2022.pdf","data_ultima_atualizacao":"2022-09-05T16:29:34.414976-03:00","ip":"189.127.47.104","ultima_edicao":"2022-08-24T14:08:46.456434-03:00","tipo":10,"regime_tramitacao":1,"tipo_origem_externa":null,"local_origem_externa":null,"user":1,"anexadas":[],"autores":[3]}