{"id":1160,"__str__":"Indica\u00e7\u00e3o n\u00ba 2 de 2022","link_detail_backend":"/materia/1160","metadata":{},"numero":2,"ano":2022,"numero_protocolo":null,"data_apresentacao":"2022-04-13","tipo_apresentacao":"E","data_publicacao":null,"numero_origem_externa":"","ano_origem_externa":null,"data_origem_externa":null,"apelido":"","dias_prazo":null,"data_fim_prazo":null,"em_tramitacao":true,"polemica":false,"objeto":"","complementar":false,"ementa":"Sugere ao Sr. Prefeito Municipal a institui\u00e7\u00e3o de Projeto de Lei que \u201cDisp\u00f5e sobre a cria\u00e7\u00e3o do Programa Escola vai \u00e0 C\u00e2mara\u201d.","indexacao":"","observacao":"","resultado":"","texto_original":null,"data_ultima_atualizacao":"2022-08-05T16:09:31.656499-03:00","ip":"186.249.178.125","ultima_edicao":"2022-04-13T15:35:21.895208-03:00","tipo":9,"regime_tramitacao":1,"tipo_origem_externa":null,"local_origem_externa":null,"user":1,"anexadas":[],"autores":[9]}