{"id":1139,"__str__":"Projeto de Lei Complementar do Executivo n\u00ba 1 de 2022","link_detail_backend":"/materia/1139","metadata":{},"numero":1,"ano":2022,"numero_protocolo":null,"data_apresentacao":"2022-03-24","tipo_apresentacao":"E","data_publicacao":null,"numero_origem_externa":"","ano_origem_externa":null,"data_origem_externa":null,"apelido":"","dias_prazo":null,"data_fim_prazo":null,"em_tramitacao":false,"polemica":false,"objeto":"","complementar":false,"ementa":"Disp\u00f5e sobre a reestrutura\u00e7\u00e3o do Regime Pr\u00f3prio de Previd\u00eancia Social do Munic\u00edpio de Fortim/CE, disciplinado na Lei Municipal n\u00ba 234, de 22 de mar\u00e7o de 2005, e d\u00e1 outras provid\u00eancias.","indexacao":"","observacao":"","resultado":"","texto_original":"http://sapl.fortim.ce.leg.br/media/sapl/public/materialegislativa/2022/1139/001.2022.pdf","data_ultima_atualizacao":"2022-08-31T14:27:09.843365-03:00","ip":"189.127.47.126","ultima_edicao":"2022-05-26T19:34:07.521057-03:00","tipo":13,"regime_tramitacao":4,"tipo_origem_externa":null,"local_origem_externa":null,"user":1,"anexadas":[],"autores":[20]}