{"id":1100,"__str__":"Projeto de Lei Complementar do Legislativo n\u00ba 1 de 2022","link_detail_backend":"/materia/1100","metadata":{},"numero":1,"ano":2022,"numero_protocolo":null,"data_apresentacao":"2022-01-13","tipo_apresentacao":"E","data_publicacao":null,"numero_origem_externa":"","ano_origem_externa":null,"data_origem_externa":null,"apelido":"","dias_prazo":null,"data_fim_prazo":null,"em_tramitacao":false,"polemica":false,"objeto":"","complementar":false,"ementa":"Altera o Anexo III da Lei Complementar n\u00ba 011/2014, que disp\u00f5e sobre a reestrutura\u00e7\u00e3o  e a reforma administrativa  da C\u00e2mara Municipal de Fortim.","indexacao":"","observacao":"","resultado":"","texto_original":"http://sapl.fortim.ce.leg.br/media/sapl/public/materialegislativa/2022/1100/001.2022.pdf","data_ultima_atualizacao":"2022-08-29T12:58:02.990814-03:00","ip":"186.249.178.125","ultima_edicao":"2022-03-24T14:37:53.576728-03:00","tipo":23,"regime_tramitacao":4,"tipo_origem_externa":null,"local_origem_externa":null,"user":1,"anexadas":[],"autores":[17]}