{"id":835,"__str__":"Of\u00edcio - Esclarecimentos do respons\u00e1vel pelas Contas de 28/08/2024 por Naselmo de Sousa Ferreira","link_detail_backend":"/materia/documentoacessorio/835","metadata":{},"nome":"Esclarecimentos do respons\u00e1vel pelas Contas","data":"2024-08-28","autor":"Naselmo de Sousa Ferreira","ementa":"Justificativas ao Processo de Presta\u00e7\u00e3o de Contas de Governo do Munic\u00edpio de Fortim, de responsabilidade do Sr. Naselmo de Sousa Ferreira. Exerc\u00edcio de 2021.","indexacao":"","arquivo":"http://sapl.fortim.ce.leg.br/media/sapl/public/documentoacessorio/2024/835/esclarecimentos_do_responsavel_pelas_contas.pdf","data_ultima_atualizacao":"2024-09-02T11:23:12.344373-03:00","materia":1780,"tipo":6}