{"id":600,"__str__":"Parecer - Parecer Conjunto n\u00ba 030/2023 de 10/08/2023 por Comiss\u00e3o de Legisla\u00e7\u00e3o, Justi\u00e7a e Reda\u00e7\u00e3o Final e Comiss\u00e3o de Or\u00e7amento, Finan\u00e7as e Fiscaliza\u00e7\u00e3o","link_detail_backend":"/materia/documentoacessorio/600","metadata":{},"nome":"Parecer Conjunto n\u00ba 030/2023","data":"2023-08-10","autor":"Comiss\u00e3o de Legisla\u00e7\u00e3o, Justi\u00e7a e Reda\u00e7\u00e3o Final e Comiss\u00e3o de Or\u00e7amento, Finan\u00e7as e Fiscaliza\u00e7\u00e3o","ementa":"Parecer da Comiss\u00e3o de Legisla\u00e7\u00e3o, Justi\u00e7a e Reda\u00e7\u00e3o Final e da Comiss\u00e3o de Or\u00e7amento, Finan\u00e7as e Fiscaliza\u00e7\u00e3o sobre o Projeto de Lei n\u00ba 016/2023, de autoria do Poder Executivo Municipal.","indexacao":"","arquivo":"http://sapl.fortim.ce.leg.br/media/sapl/public/documentoacessorio/2023/600/parecer_conjunto_030.2023.pdf","data_ultima_atualizacao":"2023-09-02T13:18:38.101388-03:00","materia":1436,"tipo":1}