{"id":559,"__str__":"Parecer - Parecer Conjunto n\u00ba 023/2023 de 05/05/2023 por Comiss\u00e3o de Legisla\u00e7\u00e3o, Justi\u00e7a e Reda\u00e7\u00e3o Final e da Comiss\u00e3o de Or\u00e7amento, Finan\u00e7as e Fiscaliza\u00e7\u00e3o","link_detail_backend":"/materia/documentoacessorio/559","metadata":{},"nome":"Parecer Conjunto n\u00ba 023/2023","data":"2023-05-05","autor":"Comiss\u00e3o de Legisla\u00e7\u00e3o, Justi\u00e7a e Reda\u00e7\u00e3o Final e da Comiss\u00e3o de Or\u00e7amento, Finan\u00e7as e Fiscaliza\u00e7\u00e3o","ementa":"Parecer da Comiss\u00e3o de Legisla\u00e7\u00e3o, Justi\u00e7a e Reda\u00e7\u00e3o Final e da Comiss\u00e3o de Or\u00e7amento, Finan\u00e7as e Fiscaliza\u00e7\u00e3o sobre o Projeto de Lei Complementar n\u00ba 002/2023, de autoria da Mesa Diretora.","indexacao":"","arquivo":"http://sapl.fortim.ce.leg.br/media/sapl/public/documentoacessorio/2023/559/parecer_conjunto_023.2023.pdf","data_ultima_atualizacao":"2023-08-29T00:00:16.605376-03:00","materia":1403,"tipo":1}