{"id":551,"__str__":"Parecer - Parecer Conjunto n\u00ba 035/2023 de 22/08/2023 por Comiss\u00e3o de Legisla\u00e7\u00e3o, Justi\u00e7a e Reda\u00e7\u00e3o Final e da Comiss\u00e3o de Educa\u00e7\u00e3o, Cultura e Desporto, Sa\u00fade, Obras, Assist\u00eancia Social e demais atividades","link_detail_backend":"/materia/documentoacessorio/551","metadata":{},"nome":"Parecer Conjunto n\u00ba 035/2023","data":"2023-08-22","autor":"Comiss\u00e3o de Legisla\u00e7\u00e3o, Justi\u00e7a e Reda\u00e7\u00e3o Final e da Comiss\u00e3o de Educa\u00e7\u00e3o, Cultura e Desporto, Sa\u00fade, Obras, Assist\u00eancia Social e demais atividades","ementa":"Parecer da Comiss\u00e3o de Legisla\u00e7\u00e3o, Justi\u00e7a e Reda\u00e7\u00e3o Final e da Comiss\u00e3o de Educa\u00e7\u00e3o, Cultura e Desporto, Sa\u00fade, Obras, Assist\u00eancia Social e demais atividades sobre o Projeto de Lei n\u00ba 023/2023, de autoria do Poder Executivo Municipal.","indexacao":"","arquivo":"http://sapl.fortim.ce.leg.br/media/sapl/public/documentoacessorio/2023/551/parecer_conjunto_035.2023.pdf","data_ultima_atualizacao":"2023-08-28T23:25:34.770855-03:00","materia":1475,"tipo":1}