{"id":523,"__str__":"Parecer - Parecer Conjunto n\u00ba 016/2023 de 05/04/2023 por Comiss\u00e3o de Legisla\u00e7\u00e3o, Justi\u00e7a e Reda\u00e7\u00e3o Final e da Comiss\u00e3o de Educa\u00e7\u00e3o, Cultura e Desporto, Sa\u00fade, Obras, Assist\u00eancia Social e demais atividades","link_detail_backend":"/materia/documentoacessorio/523","metadata":{},"nome":"Parecer Conjunto n\u00ba 016/2023","data":"2023-04-05","autor":"Comiss\u00e3o de Legisla\u00e7\u00e3o, Justi\u00e7a e Reda\u00e7\u00e3o Final e da Comiss\u00e3o de Educa\u00e7\u00e3o, Cultura e Desporto, Sa\u00fade, Obras, Assist\u00eancia Social e demais atividades","ementa":"Parecer da Comiss\u00e3o de Legisla\u00e7\u00e3o, Justi\u00e7a e Reda\u00e7\u00e3o Final e da Comiss\u00e3o de Educa\u00e7\u00e3o, Cultura e Desporto, Sa\u00fade, Obras, Assist\u00eancia Social e demais atividades sobre a Indica\u00e7\u00e3o n\u00ba 004/2023, de autoria da Vereadora Kath Anne Meira da Silva Simonassi.","indexacao":"","arquivo":"http://sapl.fortim.ce.leg.br/media/sapl/public/documentoacessorio/2023/523/parecer_conjunto_016.2023.pdf","data_ultima_atualizacao":"2023-08-21T16:56:17.852742-03:00","materia":1369,"tipo":1}