{"id":395,"__str__":"Parecer - Parecer n\u00ba 022/2019 de 27/05/2019 por Comiss\u00e3o de Legisla\u00e7\u00e3o, Justi\u00e7a e Reda\u00e7\u00e3o Final","link_detail_backend":"/materia/documentoacessorio/395","metadata":{},"nome":"Parecer n\u00ba 022/2019","data":"2019-05-27","autor":"Comiss\u00e3o de Legisla\u00e7\u00e3o, Justi\u00e7a e Reda\u00e7\u00e3o Final","ementa":"Parecer da Comiss\u00e3o de Legisla\u00e7\u00e3o, Justi\u00e7a e Reda\u00e7\u00e3o Final sobre a Mo\u00e7\u00e3o de Congratula\u00e7\u00e3o n\u00ba 002/2019,, de 17 de maio de 2019, de autoria do Vereador Carlos Alberto Scipi\u00e3o.","indexacao":"","arquivo":"http://sapl.fortim.ce.leg.br/media/sapl/public/documentoacessorio/2019/395/022.2019.pdf","data_ultima_atualizacao":"2022-07-25T13:35:35.979004-03:00","materia":1222,"tipo":1}