{"id":31,"__str__":"Parecer - Parecer n\u00ba 035/2019 de 23/08/2019 por Comiss\u00e3o de Legisla\u00e7\u00e3o, Justi\u00e7a e Reda\u00e7\u00e3o Final","link_detail_backend":"/materia/documentoacessorio/31","metadata":{},"nome":"Parecer n\u00ba 035/2019","data":"2019-08-23","autor":"Comiss\u00e3o de Legisla\u00e7\u00e3o, Justi\u00e7a e Reda\u00e7\u00e3o Final","ementa":"Parecer da Comiss\u00e3o de Legisla\u00e7\u00e3o, Justi\u00e7a e Reda\u00e7\u00e3o Final sobre o Projeto de Indica\u00e7\u00e3o n\u00ba 002/2019, de 16 de agosto de 2019, de autoria do Legislativo Municipal, Vereadora Kath Anne Meira da Silva Simonassi.","indexacao":"","arquivo":"http://sapl.fortim.ce.leg.br/media/sapl/public/documentoacessorio/2019/31/035.2019.pdf","data_ultima_atualizacao":"2019-08-30T16:11:10.361844-03:00","materia":168,"tipo":1}